{"id":5,"__str__":"Indica\u00e7\u00e3o n\u00ba 202 de 2025","link_detail_backend":"/materia/5","metadata":{},"numero":202,"ano":2025,"numero_protocolo":735,"data_apresentacao":"2025-06-03","tipo_apresentacao":"E","data_publicacao":null,"numero_origem_externa":"","ano_origem_externa":null,"data_origem_externa":null,"apelido":"","dias_prazo":null,"data_fim_prazo":null,"em_tramitacao":true,"polemica":false,"objeto":"","complementar":false,"ementa":"Indico, na forma regimental, depois de ouvido o plen\u00e1rio, ao Excelent\u00edssimo Senhor Prefeito Municipal, S\u00e9rgio Dioz\u00e9bio Barbosa, a possibilidade instalar c\u00e2meras de monitoramento na Pra\u00e7as Coronel Val\u00eancio de Brum (Centro), S\u00e3o Jos\u00e9 (Vila Estrela), Jos\u00e9 Luiz Gon\u00e7alves (Vila Limeira), e Parque Da Cidade (Muriama Mascarenhas) do munic\u00edpio.","indexacao":"","observacao":"","resultado":"","texto_original":"http://sapl.amambai.ms.leg.br/media/sapl/public/materialegislativa/2025/5/indicacao202.pdf","data_ultima_atualizacao":"2025-06-05T09:04:04.832839-03:00","ip":"189.113.50.242","ultima_edicao":"2025-06-05T09:04:04.667720-03:00","tipo":8,"regime_tramitacao":1,"tipo_origem_externa":null,"local_origem_externa":null,"user":1,"anexadas":[],"autores":[9]}